{"id":15195,"date":"2025-12-04T16:26:04","date_gmt":"2025-12-04T13:26:04","guid":{"rendered":"https:\/\/grow.ee\/?p=15195"},"modified":"2025-12-04T16:28:34","modified_gmt":"2025-12-04T13:28:34","slug":"kalenterivuoden-2026-tuotantorahasto","status":"publish","type":"post","link":"https:\/\/grow.ee\/fi\/2026-aasta-kalendaarne-tooajafond\/","title":{"rendered":"Kalenterity\u00f6aikarahasto vuodelle 2026"},"content":{"rendered":"<div class=\"img has-hover x md-x lg-x y md-y lg-y\" id=\"image_551780460\">\n\t\t\t\t\t\t\t\t<div class=\"img-inner dark\" >\n\t\t\t<img loading=\"lazy\" decoding=\"async\" width=\"2560\" height=\"1429\" src=\"https:\/\/grow.ee\/wp-content\/uploads\/2025\/12\/2026-tooajafond-scaled.png\" class=\"attachment-original size-original\" alt=\"\" srcset=\"https:\/\/grow.ee\/wp-content\/uploads\/2025\/12\/2026-tooajafond-scaled.png 2560w, https:\/\/grow.ee\/wp-content\/uploads\/2025\/12\/2026-tooajafond-300x167.png 300w, https:\/\/grow.ee\/wp-content\/uploads\/2025\/12\/2026-tooajafond-720x402.png 720w, https:\/\/grow.ee\/wp-content\/uploads\/2025\/12\/2026-tooajafond-768x429.png 768w, https:\/\/grow.ee\/wp-content\/uploads\/2025\/12\/2026-tooajafond-1536x857.png 1536w, https:\/\/grow.ee\/wp-content\/uploads\/2025\/12\/2026-tooajafond-2048x1143.png 2048w, https:\/\/grow.ee\/wp-content\/uploads\/2025\/12\/2026-tooajafond-18x10.png 18w\" sizes=\"auto, (max-width: 2560px) 100vw, 2560px\" \/>\t\t\t\t\t\t\n\t\t\t\t\t<\/div>\n\t\t\t\t\t\t\t\t\n<style>\n#image_551780460 {\n  width: 100%;\n}\n<\/style>\n\t<\/div>\n\t\n\n\t<div id=\"gap-1761153061\" class=\"gap-element clearfix\" style=\"display:block; height:auto;\">\n\t\t\n<style>\n#gap-1761153061 {\n  padding-top: 30px;\n}\n<\/style>\n\t<\/div>\n\t\n\n<p>Voit saada vuoden 2026 kalenterity\u00f6aikarahaston .pdf-muodossa. <strong><a href=\"https:\/\/grow.ee\/wp-content\/uploads\/2025\/12\/2026.-aasta-kalendaarne-tooajafond.pdf\" target=\"_blank\" rel=\"noopener\">lataa t\u00e4st\u00e4<\/a>.\u00a0\u00a0<\/strong><\/p>\n<p>Lyhennetyt ty\u00f6p\u00e4iv\u00e4t: Viron ty\u00f6sopimuslain mukaan ty\u00f6p\u00e4iv\u00e4 on 3 tuntia lyhyempi ennen yleisi\u00e4 pyh\u00e4p\u00e4ivi\u00e4, jotka eiv\u00e4t ole viikonlopulle. Vuonna 2026 t\u00e4llaisia lyhennettyj\u00e4 ty\u00f6p\u00e4ivi\u00e4 on nelj\u00e4:<\/p>\n<ul>\n<li>helmikuu (maanantai) \u2013 itsen\u00e4isyysp\u00e4iv\u00e4\u00e4 edelt\u00e4v\u00e4 p\u00e4iv\u00e4<\/li>\n<li>Kes\u00e4kuu (ma) \u2013 Voitonp\u00e4iv\u00e4\u00e4 edelt\u00e4v\u00e4 p\u00e4iv\u00e4<\/li>\n<li>Joulukuu (ke) \u2013 jouluaattoa edelt\u00e4v\u00e4 p\u00e4iv\u00e4<\/li>\n<li>joulukuu (N) \u2013 uudenvuodenp\u00e4iv\u00e4\u00e4 edelt\u00e4v\u00e4 p\u00e4iv\u00e4<\/li>\n<\/ul>\n<h3><strong>Ty\u00f6ajan lyhennykset<\/strong><\/h3>\n<ul>\n<li>Helmikuussa: 152 h \u2013 3 h = 149 h<\/li>\n<li>Kes\u00e4kuussa: 160 h \u2013 3 h = 157 h<\/li>\n<li>Joulukuussa: 168 h \u2013 6 h = 162 h<\/li>\n<\/ul>\n<p>Maaliskuussa, huhtikuussa, toukokuussa jne. ei ole lyhennettyj\u00e4 ty\u00f6p\u00e4ivi\u00e4, joten ty\u00f6p\u00e4iv\u00e4t ovat t\u00e4ydet.<\/p>\n<p>Viikonlopun pyh\u00e4p\u00e4iv\u00e4t: Kolme sunnuntaille\/lauantaille osuvaa pyh\u00e4p\u00e4iv\u00e4\u00e4 (p\u00e4\u00e4si\u00e4inen, helluntai, tapaninp\u00e4iv\u00e4) eiv\u00e4t vaikuta ty\u00f6p\u00e4ivien tai -tuntien m\u00e4\u00e4r\u00e4\u00e4n.<\/p>\n<h2><strong>Yhteenveto<\/strong><\/h2>\n<p>Ty\u00f6p\u00e4ivien kokonaism\u00e4\u00e4r\u00e4: 252<\/p>\n<p>Kokonaisty\u00f6aika (mukaan lukien lyhennetyt ty\u00f6p\u00e4iv\u00e4t): 2004 ty\u00f6tuntia<\/p>\n<p>Vuoden 2026 ty\u00f6aikarahasto on 252 ty\u00f6p\u00e4iv\u00e4\u00e4 ja 2004 ty\u00f6tuntia kokoaikaiselle ty\u00f6ntekij\u00e4lle. Joihinkin aiempiin vuosiin verrattuna ty\u00f6p\u00e4ivi\u00e4 on keskim\u00e4\u00e4rin enemm\u00e4n, mutta useat lyhennetyt ty\u00f6p\u00e4iv\u00e4t auttavat yll\u00e4pit\u00e4m\u00e4\u00e4n tasapainoa ty\u00f6n ja levon v\u00e4lill\u00e4.<\/p>\n<div class=\"row\"  id=\"row-636613040\">\n\n\n\t<div id=\"col-1530350825\" class=\"col small-12 large-12\"  >\n\t\t\t\t<div class=\"col-inner\"  >\n\t\t\t\n\t\t\t\n\n<div class=\"message-box relative dark\" style=\"padding-top:15px;padding-bottom:15px;\"><div class=\"message-box-bg-image bg-fill fill\" ><\/div><div class=\"message-box-bg-overlay bg-fill fill\" style=\"background-color:rgb(27, 26, 70);\"><\/div><div class=\"container relative\"><div class=\"inner last-reset\">\n\n<div class=\"row\"  id=\"row-663905388\">\n\n\n\t<div id=\"col-72782481\" class=\"col medium-8 small-12 large-8\"  >\n\t\t\t\t<div class=\"col-inner\"  >\n\t\t\t\n\t\t\t\n\n<h2>Keskustele talousasiantuntijamme kanssa<\/h2>\n\n\t\t<\/div>\n\t\t\t\t\t<\/div>\n\n\t\n\n\t<div id=\"col-461682707\" class=\"col medium-4 small-12 large-4\"  >\n\t\t\t\t<div class=\"col-inner text-center\"  >\n\t\t\t\n\t\t\t\n\n<a href=\"https:\/\/grow.ee\/fi\/ota-meihin-yhteytta\/\" class=\"button alert\" style=\"border-radius:8px;\">\n\t\t<span>OTA YHTEYTT\u00c4 YHTEIS\u00d6\u00d6N<\/span>\n\t<\/a>\n\n\n\n\t\t<\/div>\n\t\t\t\t\t<\/div>\n\n\t\n\n<\/div>\n\n<\/div><\/div><\/div>\n\n\t\t<\/div>\n\t\t\t\t\t<\/div>\n\n\t\n\n<\/div>\n\n\n  \n    <div class=\"row large-columns-3 medium-columns-1 small-columns-1 slider row-slider slider-nav-reveal slider-nav-push\"  data-flickity-options='{&quot;imagesLoaded&quot;: true, &quot;groupCells&quot;: &quot;100%&quot;, &quot;dragThreshold&quot; : 5, &quot;cellAlign&quot;: &quot;left&quot;,&quot;wrapAround&quot;: true,&quot;prevNextButtons&quot;: true,&quot;percentPosition&quot;: true,&quot;pageDots&quot;: false, &quot;rightToLeft&quot;: false, &quot;autoPlay&quot; : false}' >\n\n  <div class=\"col post-item\" >\n\t\t\t<div class=\"col-inner\">\n\t\t\t\t<div class=\"box box-normal box-text-bottom box-blog-post has-hover\">\n            \t\t\t\t\t<div class=\"box-image\" >\n  \t\t\t\t\t\t<div class=\"image-cover\" style=\"padding-top:56.25%;\">\n\t\t\t\t\t\t\t<a href=\"https:\/\/grow.ee\/fi\/juhi-kaugtood-valismaalt\/\" class=\"plain\" aria-label=\"Hallitse et\u00e4ty\u00f6t\u00e4 ulkomailta \u2013 est\u00e4 pysyv\u00e4n ty\u00f6paikan syntyminen n\u00e4ill\u00e4 vinkeill\u00e4!\">\n\t\t\t\t\t\t\t\t<img loading=\"lazy\" decoding=\"async\" width=\"300\" height=\"164\" src=\"https:\/\/grow.ee\/wp-content\/uploads\/2026\/03\/Kaugtoona-juhtimine-300x164.png\" class=\"attachment-medium size-medium wp-post-image\" alt=\"\" srcset=\"https:\/\/grow.ee\/wp-content\/uploads\/2026\/03\/Kaugtoona-juhtimine-300x164.png 300w, https:\/\/grow.ee\/wp-content\/uploads\/2026\/03\/Kaugtoona-juhtimine-720x393.png 720w, https:\/\/grow.ee\/wp-content\/uploads\/2026\/03\/Kaugtoona-juhtimine-768x419.png 768w, https:\/\/grow.ee\/wp-content\/uploads\/2026\/03\/Kaugtoona-juhtimine-18x10.png 18w, https:\/\/grow.ee\/wp-content\/uploads\/2026\/03\/Kaugtoona-juhtimine.png 1408w\" sizes=\"auto, (max-width: 300px) 100vw, 300px\" \/>\t\t\t\t\t\t\t<\/a>\n  \t\t\t\t\t\t\t  \t\t\t\t\t\t\t  \t\t\t\t\t\t<\/div>\n  \t\t\t\t\t\t  \t\t\t\t\t<\/div>\n          \t\t\t\t\t<div class=\"box-text text-center\" >\n\t\t\t\t\t<div class=\"box-text-inner blog-post-inner\">\n\n\t\t\t\t\t\n\t\t\t\t\t\t\t\t\t\t<h5 class=\"post-title is-large\">\n\t\t\t\t\t\t<a href=\"https:\/\/grow.ee\/fi\/juhi-kaugtood-valismaalt\/\" class=\"plain\">Hallitse et\u00e4ty\u00f6t\u00e4 ulkomailta \u2013 est\u00e4 pysyv\u00e4n ty\u00f6paikan syntyminen n\u00e4ill\u00e4 vinkeill\u00e4!<\/a>\n\t\t\t\t\t<\/h5>\n\t\t\t\t\t<div class=\"post-meta is-small op-8\">27\/03\/2026<\/div>\t\t\t\t\t<div class=\"is-divider\"><\/div>\n\t\t\t\t\t\t\t\t\t\t<p class=\"from_the_blog_excerpt\">\n\t\t\t\t\t\tEt\u00e4ty\u00f6 ulkomaiselle kuljettajalle ei ole vain mukavuutta \u2013 lue, miten ajaa fiksusti ja v\u00e4ltt\u00e4\u00e4 veroriskit.\t\t\t\t\t<\/p>\n\t\t\t\t\t                    \n\t\t\t\t\t\n\t\t\t\t\t\n\t\t\t\t\t<\/div>\n\t\t\t\t\t<\/div>\n\t\t\t\t\t\t\t\t\t<\/div>\n\t\t\t<\/div>\n\t\t<\/div><div class=\"col post-item\" >\n\t\t\t<div class=\"col-inner\">\n\t\t\t\t<div class=\"box box-normal box-text-bottom box-blog-post has-hover\">\n            \t\t\t\t\t<div class=\"box-image\" >\n  \t\t\t\t\t\t<div class=\"image-cover\" style=\"padding-top:56.25%;\">\n\t\t\t\t\t\t\t<a href=\"https:\/\/grow.ee\/fi\/raagi-raamatupidajaga-valdi-lisakulusid\/\" class=\"plain\" aria-label=\"Keskustele kirjanpit\u00e4j\u00e4n kanssa \u2013 v\u00e4lt\u00e4 lis\u00e4kulut\">\n\t\t\t\t\t\t\t\t<img loading=\"lazy\" decoding=\"async\" width=\"300\" height=\"169\" src=\"https:\/\/grow.ee\/wp-content\/uploads\/2026\/02\/Raamatupidaja-Grow-Finance-300x169.jpg\" class=\"attachment-medium size-medium wp-post-image\" alt=\"\" srcset=\"https:\/\/grow.ee\/wp-content\/uploads\/2026\/02\/Raamatupidaja-Grow-Finance-300x169.jpg 300w, https:\/\/grow.ee\/wp-content\/uploads\/2026\/02\/Raamatupidaja-Grow-Finance-720x405.jpg 720w, https:\/\/grow.ee\/wp-content\/uploads\/2026\/02\/Raamatupidaja-Grow-Finance-768x432.jpg 768w, https:\/\/grow.ee\/wp-content\/uploads\/2026\/02\/Raamatupidaja-Grow-Finance-1536x864.jpg 1536w, https:\/\/grow.ee\/wp-content\/uploads\/2026\/02\/Raamatupidaja-Grow-Finance-2048x1152.jpg 2048w, https:\/\/grow.ee\/wp-content\/uploads\/2026\/02\/Raamatupidaja-Grow-Finance-18x10.jpg 18w\" sizes=\"auto, (max-width: 300px) 100vw, 300px\" \/>\t\t\t\t\t\t\t<\/a>\n  \t\t\t\t\t\t\t  \t\t\t\t\t\t\t  \t\t\t\t\t\t<\/div>\n  \t\t\t\t\t\t  \t\t\t\t\t<\/div>\n          \t\t\t\t\t<div class=\"box-text text-center\" >\n\t\t\t\t\t<div class=\"box-text-inner blog-post-inner\">\n\n\t\t\t\t\t\n\t\t\t\t\t\t\t\t\t\t<h5 class=\"post-title is-large\">\n\t\t\t\t\t\t<a href=\"https:\/\/grow.ee\/fi\/raagi-raamatupidajaga-valdi-lisakulusid\/\" class=\"plain\">Keskustele kirjanpit\u00e4j\u00e4n kanssa \u2013 v\u00e4lt\u00e4 lis\u00e4kulut<\/a>\n\t\t\t\t\t<\/h5>\n\t\t\t\t\t<div class=\"post-meta is-small op-8\">27\/02\/2026<\/div>\t\t\t\t\t<div class=\"is-divider\"><\/div>\n\t\t\t\t\t\t\t\t\t\t<p class=\"from_the_blog_excerpt\">\n\t\t\t\t\t\tVarhainen yhteydenotto kirjanpit\u00e4j\u00e4\u00e4n auttaa v\u00e4ltt\u00e4m\u00e4\u00e4n yll\u00e4tyksi\u00e4 ja l\u00f6yt\u00e4m\u00e4\u00e4n parempia ratkaisuja yrityksellesi.\t\t\t\t\t<\/p>\n\t\t\t\t\t                    \n\t\t\t\t\t\n\t\t\t\t\t\n\t\t\t\t\t<\/div>\n\t\t\t\t\t<\/div>\n\t\t\t\t\t\t\t\t\t<\/div>\n\t\t\t<\/div>\n\t\t<\/div><div class=\"col post-item\" >\n\t\t\t<div class=\"col-inner\">\n\t\t\t\t<div class=\"box box-normal box-text-bottom box-blog-post has-hover\">\n            \t\t\t\t\t<div class=\"box-image\" >\n  \t\t\t\t\t\t<div class=\"image-cover\" style=\"padding-top:56.25%;\">\n\t\t\t\t\t\t\t<a href=\"https:\/\/grow.ee\/fi\/kuidas-valtida-topeltmaksustamist\/\" class=\"plain\" aria-label=\"Miten v\u00e4ltt\u00e4\u00e4 kaksinkertainen verotus, jos omistusosuus on alle 10%?\">\n\t\t\t\t\t\t\t\t<img loading=\"lazy\" decoding=\"async\" width=\"300\" height=\"169\" src=\"https:\/\/grow.ee\/wp-content\/uploads\/2026\/02\/Topeltmaksustamine-300x169.jpg\" class=\"attachment-medium size-medium wp-post-image\" alt=\"\" srcset=\"https:\/\/grow.ee\/wp-content\/uploads\/2026\/02\/Topeltmaksustamine-300x169.jpg 300w, https:\/\/grow.ee\/wp-content\/uploads\/2026\/02\/Topeltmaksustamine-720x405.jpg 720w, https:\/\/grow.ee\/wp-content\/uploads\/2026\/02\/Topeltmaksustamine-768x432.jpg 768w, https:\/\/grow.ee\/wp-content\/uploads\/2026\/02\/Topeltmaksustamine-1536x864.jpg 1536w, https:\/\/grow.ee\/wp-content\/uploads\/2026\/02\/Topeltmaksustamine-18x10.jpg 18w, https:\/\/grow.ee\/wp-content\/uploads\/2026\/02\/Topeltmaksustamine.jpg 1920w\" sizes=\"auto, (max-width: 300px) 100vw, 300px\" \/>\t\t\t\t\t\t\t<\/a>\n  \t\t\t\t\t\t\t  \t\t\t\t\t\t\t  \t\t\t\t\t\t<\/div>\n  \t\t\t\t\t\t  \t\t\t\t\t<\/div>\n          \t\t\t\t\t<div class=\"box-text text-center\" >\n\t\t\t\t\t<div class=\"box-text-inner blog-post-inner\">\n\n\t\t\t\t\t\n\t\t\t\t\t\t\t\t\t\t<h5 class=\"post-title is-large\">\n\t\t\t\t\t\t<a href=\"https:\/\/grow.ee\/fi\/kuidas-valtida-topeltmaksustamist\/\" class=\"plain\">Miten v\u00e4ltt\u00e4\u00e4 kaksinkertainen verotus, jos omistusosuus on alle 10%?<\/a>\n\t\t\t\t\t<\/h5>\n\t\t\t\t\t<div class=\"post-meta is-small op-8\">17\/02\/2026<\/div>\t\t\t\t\t<div class=\"is-divider\"><\/div>\n\t\t\t\t\t\t\t\t\t\t<p class=\"from_the_blog_excerpt\">\n\t\t\t\t\t\tAlle 101 prosentin omistusosuudella varustetun virolaisen yhti\u00f6n osingot voivat johtaa kaksinkertaiseen verotukseen.\t\t\t\t\t<\/p>\n\t\t\t\t\t                    \n\t\t\t\t\t\n\t\t\t\t\t\n\t\t\t\t\t<\/div>\n\t\t\t\t\t<\/div>\n\t\t\t\t\t\t\t\t\t<\/div>\n\t\t\t<\/div>\n\t\t<\/div><\/div>","protected":false},"excerpt":{"rendered":"<p>Lataa taulukko, jossa on tiedot kalenterity\u00f6aikarahastosta vuodelle 2026.<\/p>","protected":false},"author":24,"featured_media":15199,"comment_status":"closed","ping_status":"closed","sticky":false,"template":"","format":"standard","meta":{"footnotes":""},"categories":[7],"tags":[],"class_list":["post-15195","post","type-post","status-publish","format-standard","has-post-thumbnail","hentry","category-raamatupidamine"],"_links":{"self":[{"href":"https:\/\/grow.ee\/fi\/wp-json\/wp\/v2\/posts\/15195","targetHints":{"allow":["GET"]}}],"collection":[{"href":"https:\/\/grow.ee\/fi\/wp-json\/wp\/v2\/posts"}],"about":[{"href":"https:\/\/grow.ee\/fi\/wp-json\/wp\/v2\/types\/post"}],"author":[{"embeddable":true,"href":"https:\/\/grow.ee\/fi\/wp-json\/wp\/v2\/users\/24"}],"replies":[{"embeddable":true,"href":"https:\/\/grow.ee\/fi\/wp-json\/wp\/v2\/comments?post=15195"}],"version-history":[{"count":9,"href":"https:\/\/grow.ee\/fi\/wp-json\/wp\/v2\/posts\/15195\/revisions"}],"predecessor-version":[{"id":15206,"href":"https:\/\/grow.ee\/fi\/wp-json\/wp\/v2\/posts\/15195\/revisions\/15206"}],"wp:featuredmedia":[{"embeddable":true,"href":"https:\/\/grow.ee\/fi\/wp-json\/wp\/v2\/media\/15199"}],"wp:attachment":[{"href":"https:\/\/grow.ee\/fi\/wp-json\/wp\/v2\/media?parent=15195"}],"wp:term":[{"taxonomy":"category","embeddable":true,"href":"https:\/\/grow.ee\/fi\/wp-json\/wp\/v2\/categories?post=15195"},{"taxonomy":"post_tag","embeddable":true,"href":"https:\/\/grow.ee\/fi\/wp-json\/wp\/v2\/tags?post=15195"}],"curies":[{"name":"wp","href":"https:\/\/api.w.org\/{rel}","templated":true}]}}