{"id":14834,"date":"2025-05-23T14:01:30","date_gmt":"2025-05-23T11:01:30","guid":{"rendered":"https:\/\/grow.ee\/?p=14834"},"modified":"2025-05-26T14:15:25","modified_gmt":"2025-05-26T11:15:25","slug":"viisautta-loytyy-tien-paalta-vaikutelmia-ggin-euroopan-konferenssista-marbellassa","status":"publish","type":"post","link":"https:\/\/grow.ee\/fi\/tarkus-leitakse-teel-muljeid-ggi-euroopa-konverentsilt-marbellas\/","title":{"rendered":"Viisaus l\u00f6ytyy tien p\u00e4\u00e4lt\u00e4 \u2013 tunnelmia GGI:n eurooppalaisesta konferenssista Marbellassa\u00a0"},"content":{"rendered":"<div class=\"img has-hover x md-x lg-x y md-y lg-y\" id=\"image_924204464\">\n\t\t\t\t\t\t\t\t<div class=\"img-inner dark\" >\n\t\t\t<img loading=\"lazy\" decoding=\"async\" width=\"1200\" height=\"675\" src=\"https:\/\/grow.ee\/wp-content\/uploads\/2025\/05\/Ulvi-Pilt4.jpg\" class=\"attachment-original size-original\" alt=\"\" srcset=\"https:\/\/grow.ee\/wp-content\/uploads\/2025\/05\/Ulvi-Pilt4.jpg 1200w, https:\/\/grow.ee\/wp-content\/uploads\/2025\/05\/Ulvi-Pilt4-300x169.jpg 300w, https:\/\/grow.ee\/wp-content\/uploads\/2025\/05\/Ulvi-Pilt4-720x405.jpg 720w, https:\/\/grow.ee\/wp-content\/uploads\/2025\/05\/Ulvi-Pilt4-768x432.jpg 768w, https:\/\/grow.ee\/wp-content\/uploads\/2025\/05\/Ulvi-Pilt4-18x10.jpg 18w\" sizes=\"auto, (max-width: 1200px) 100vw, 1200px\" \/>\t\t\t\t\t\t\n\t\t\t\t\t<\/div>\n\t\t\t\t\t\t\t\t\n<style>\n#image_924204464 {\n  width: 100%;\n}\n<\/style>\n\t<\/div>\n\t\n\n\t<div id=\"gap-341616816\" class=\"gap-element clearfix\" style=\"display:block; height:auto;\">\n\t\t\n<style>\n#gap-341616816 {\n  padding-top: 30px;\n}\n<\/style>\n\t<\/div>\n\t\n\n<p><span data-contrast=\"auto\">Tied\u00e4tteh\u00e4n, yst\u00e4v\u00e4t, en pid\u00e4 itse\u00e4ni kovin suurena kirjailijana. Vahvuuteni on pikemminkin tieteess\u00e4 ja loogisessa ajattelussa. Mutta on hetki\u00e4, joita ei voi j\u00e4tt\u00e4\u00e4 jakamatta \u2013 yksi niist\u00e4 on GGI:n eurooppalainen konferenssi, joka pidettiin t\u00e4n\u00e4 vuonna Marbellassa, Espanjassa.<\/span><span data-ccp-props=\"{}\">&nbsp;<\/span><\/p>\n<p><span data-contrast=\"auto\">Konferenssi kokosi yhteen l\u00e4hes 300 asiantuntijaa ja johtajaa eri puolilta Eurooppaa ja muualta maailmasta. GGI Global Alliance on maailmanlaajuinen itsen\u00e4isten kirjanpito-, vero-, lakipalvelu- ja liiketoiminnan konsultointiyritysten verkosto. T\u00e4m\u00e4 antaa j\u00e4senille mahdollisuuden jakaa tietoa ja tukea asiakkaitaan kansainv\u00e4lisell\u00e4 tasolla. Me, Grow Finance, olemme olleet t\u00e4m\u00e4n verkoston j\u00e4seni\u00e4 kymmenen vuotta.<\/span><span data-ccp-props=\"{}\">&nbsp;<\/span><\/p>\n<p><span data-contrast=\"auto\">T\u00e4ll\u00e4 kertaa pidin esityksen <\/span><b><span data-contrast=\"auto\">&quot;Digitaalinen transformaatio verohallinnossa&quot;<\/span><\/b><span data-contrast=\"auto\">. Esityst\u00e4 seurasi vilkas keskustelu ja sain paljon positiivista palautetta. Kuten nyky\u00e4\u00e4n on tapana, konferenssin teemana oli t\u00e4ll\u00e4 kertaa <\/span><b><span data-contrast=\"auto\">teko\u00e4ly tai teko\u00e4ly<\/span><\/b><span data-contrast=\"auto\">. L\u00e4hes mik\u00e4\u00e4n ammatillinen kokous ei ole t\u00e4ydellinen ilman sit\u00e4.<\/span>&nbsp;<\/p>\n\t<div class=\"img has-hover x md-x lg-x y md-y lg-y\" id=\"image_795050285\">\n\t\t\t\t\t\t\t\t<div class=\"img-inner dark\" >\n\t\t\t<img loading=\"lazy\" decoding=\"async\" width=\"1440\" height=\"809\" src=\"https:\/\/grow.ee\/wp-content\/uploads\/2025\/05\/Ulvi-Pilt2.jpg\" class=\"attachment-original size-original\" alt=\"\" srcset=\"https:\/\/grow.ee\/wp-content\/uploads\/2025\/05\/Ulvi-Pilt2.jpg 1440w, https:\/\/grow.ee\/wp-content\/uploads\/2025\/05\/Ulvi-Pilt2-300x169.jpg 300w, https:\/\/grow.ee\/wp-content\/uploads\/2025\/05\/Ulvi-Pilt2-720x405.jpg 720w, https:\/\/grow.ee\/wp-content\/uploads\/2025\/05\/Ulvi-Pilt2-768x431.jpg 768w, https:\/\/grow.ee\/wp-content\/uploads\/2025\/05\/Ulvi-Pilt2-18x10.jpg 18w\" sizes=\"auto, (max-width: 1440px) 100vw, 1440px\" \/>\t\t\t\t\t\t\n\t\t\t\t\t<\/div>\n\t\t\t\t\t\t\t\t\n<style>\n#image_795050285 {\n  width: 100%;\n}\n<\/style>\n\t<\/div>\n\t\n\n\t<div id=\"gap-912607844\" class=\"gap-element clearfix\" style=\"display:block; height:auto;\">\n\t\t\n<style>\n#gap-912607844 {\n  padding-top: 30px;\n}\n<\/style>\n\t<\/div>\n\t\n\n<p><span data-contrast=\"auto\">Keskustelimme siit\u00e4, miten eri maat ovat eri kehitystasoilla digitalisaation, automaation ja teko\u00e4lyn k\u00e4ytt\u00f6\u00f6noton suhteen, ja mit\u00e4 voisimme oppia toisiltamme. Joku kysyi minulta: \u201dJos automatisoimme niin paljon, emmek\u00f6 pelk\u00e4\u00e4 ty\u00f6paikkojemme puolesta?\u201d Rehellinen vastaus on \u2013 <\/span><b><span data-contrast=\"auto\">En pelk\u00e4\u00e4.<\/span><\/b><span data-contrast=\"auto\">.<\/span><span data-ccp-props=\"{}\">&nbsp;<\/span><\/p>\n<p><span data-contrast=\"auto\">Meill\u00e4 Virossa on hauska mutta osuva sanonta:<\/span>&nbsp;<br><b><span data-contrast=\"auto\">&quot;Miten virolainen lep\u00e4\u00e4? H\u00e4n korvaa yhden ty\u00f6n toisella.&quot;<\/span><\/b>&nbsp;<br><span data-contrast=\"auto\">T\u00e4m\u00e4 heijastelee hyvin kansallista ty\u00f6moraaliamme. Mutta uskon, ett\u00e4 kaikilla ihmisill\u00e4 on synnynn\u00e4inen kyky luoda jotain uutta ja arvokasta, sinun t\u00e4ytyy vain l\u00f6yt\u00e4\u00e4 siihen aikaa. Historia on vahvistanut t\u00e4m\u00e4n toistuvasti. Emme kuitenkaan saa unohtaa \u2013 <\/span><b><span data-contrast=\"auto\">Koulutus ja harjoittelu ovat luovuuden edellytyksi\u00e4<\/span><\/b><span data-contrast=\"auto\">.<\/span><span data-ccp-props=\"{}\">&nbsp;<\/span><\/p>\n<p><span data-contrast=\"auto\">Viro joutuu t\u00e4n\u00e4 p\u00e4iv\u00e4n\u00e4 kohtaamaan sen tosiasian, ett\u00e4 v\u00e4est\u00f6pyramidimme on yl\u00f6salaisin \u2013 lapsia syntyy liian v\u00e4h\u00e4n ja ty\u00f6ik\u00e4inen v\u00e4est\u00f6 v\u00e4henee. Samaan aikaan Viron ty\u00f6llisten m\u00e4\u00e4r\u00e4 on yksi kehittyneiden maiden korkeimmista. T\u00e4m\u00e4 tarkoittaa, ett\u00e4 <\/span><b><span data-contrast=\"auto\">Mit\u00e4 enemm\u00e4n pystymme automatisoimaan prosesseja, sit\u00e4 paremmin pystymme yll\u00e4pit\u00e4m\u00e4\u00e4n kilpailukyky\u00e4mme ja laatua.<\/span><\/b><span data-contrast=\"auto\">.<\/span><span data-ccp-props=\"{}\">&nbsp;<\/span><\/p>\n<p><span data-contrast=\"auto\">Eritt\u00e4in inspiroivan paneelikeskustelun pitiv\u00e4t energia- ja ymp\u00e4rist\u00f6ministerimme Andres Sutt ja espanjalainen taloustieteilij\u00e4 Dr. Daniel Lacalle Fern\u00e1ndez, jotka keskustelivat Euroopan ja maailman kohtaamista taloudellisista ja poliittisista haasteista.&nbsp;<\/span><span data-ccp-props=\"{}\">&nbsp;<\/span><\/p>\n<p><span data-contrast=\"auto\">Andres Sutt puhui esityksess\u00e4\u00e4n my\u00f6s Viron digitalisaatiosta, startup-yrityksist\u00e4, yksisarvisista ja IT-alan vahvuuksista. <\/span><\/p>\n\t<div class=\"img has-hover x md-x lg-x y md-y lg-y\" id=\"image_1763667401\">\n\t\t\t\t\t\t\t\t<div class=\"img-inner dark\" >\n\t\t\t<img loading=\"lazy\" decoding=\"async\" width=\"2560\" height=\"1440\" src=\"https:\/\/grow.ee\/wp-content\/uploads\/2025\/05\/Ulvi-Pilt3-scaled.jpg\" class=\"attachment-original size-original\" alt=\"\" srcset=\"https:\/\/grow.ee\/wp-content\/uploads\/2025\/05\/Ulvi-Pilt3-scaled.jpg 2560w, https:\/\/grow.ee\/wp-content\/uploads\/2025\/05\/Ulvi-Pilt3-300x169.jpg 300w, https:\/\/grow.ee\/wp-content\/uploads\/2025\/05\/Ulvi-Pilt3-720x405.jpg 720w, https:\/\/grow.ee\/wp-content\/uploads\/2025\/05\/Ulvi-Pilt3-768x432.jpg 768w, https:\/\/grow.ee\/wp-content\/uploads\/2025\/05\/Ulvi-Pilt3-1536x864.jpg 1536w, https:\/\/grow.ee\/wp-content\/uploads\/2025\/05\/Ulvi-Pilt3-2048x1152.jpg 2048w, https:\/\/grow.ee\/wp-content\/uploads\/2025\/05\/Ulvi-Pilt3-18x10.jpg 18w\" sizes=\"auto, (max-width: 2560px) 100vw, 2560px\" \/>\t\t\t\t\t\t\n\t\t\t\t\t<\/div>\n\t\t\t\t\t\t\t\t\n<style>\n#image_1763667401 {\n  width: 100%;\n}\n<\/style>\n\t<\/div>\n\t\n\n\t<div id=\"gap-686533391\" class=\"gap-element clearfix\" style=\"display:block; height:auto;\">\n\t\t\n<style>\n#gap-686533391 {\n  padding-top: 30px;\n}\n<\/style>\n\t<\/div>\n\t\n\n<p><span data-contrast=\"auto\">T\u00e4m\u00e4 on <\/span><b><span data-contrast=\"auto\">jotain, mist\u00e4 me virolaiset voimme olla iloisia ja jota arvostetaan maailmassa<\/span><\/b><span data-contrast=\"auto\">. Mutta my\u00f6s t\u00e4m\u00e4 sektori tarvitsee jatkuvaa huolenpitoa ja kehitt\u00e4mist\u00e4 pysy\u00e4kseen kilpailukykyisen\u00e4: olipa kyse sitten turvallisuudesta, k\u00e4ytt\u00e4j\u00e4yst\u00e4v\u00e4llisyydest\u00e4 tai erilaisten vaatimusten t\u00e4ytt\u00e4misest\u00e4 ja kyberturvallisuudesta.<\/span><span data-ccp-props=\"{}\">&nbsp;<\/span><\/p>\n<p><span data-contrast=\"auto\">Virolaiset tunnetaan ja arvostetaan edelleen vahvoista digitaalisista taidoistaan, ja konferenssissa pit\u00e4mill\u00e4mme esityksill\u00e4 vahvistimme t\u00e4t\u00e4 imagoa entisest\u00e4\u00e4n. Lis\u00e4ksi lavalla oli useita muita inspiroivia puhujia, joilta sain uusia ideoita ja kannustusta. Olen heille kaikille vilpitt\u00f6m\u00e4sti kiitollinen!<\/span><span data-ccp-props=\"{}\">&nbsp;<\/span><\/p>\n<p><b><span data-contrast=\"auto\">Vaikka konferensseihin osallistuminen saattaa ulkopuolelta vaikuttaa yhdelt\u00e4 suurelta juhlalta ja hauskanpidolta,<\/span><\/b><span data-contrast=\"auto\"> \u2013 varsinkin kun katsoo niit\u00e4 kauniita kuvia, joita jaamme sosiaalisessa mediassa \u2013 todellisuus on jotain enemm\u00e4n. Pelkk\u00e4 l\u00e4sn\u00e4olo ei ole oikeaa l\u00e4sn\u00e4oloa. Aito l\u00e4sn\u00e4olo tarkoittaa muiden ihmisten arvojen ja toimien tutkimista ja niist\u00e4 kiinnostumista. Se on todella voimakas kokemus, mutta my\u00f6s henkisesti ja emotionaalisesti raskas. Mutta t\u00e4m\u00e4 energiankulutus tuo my\u00f6hemmin mukanaan jotain paljon enemm\u00e4n \u2013 uuden ajatuksen raikkauden, syvemm\u00e4n yhteyden ja inspiraation, joka kest\u00e4\u00e4 pidemp\u00e4\u00e4n kuin mik\u00e4\u00e4n valokuva.<\/span><span data-ccp-props=\"{}\">&nbsp;<\/span><\/p>\n<p><span data-contrast=\"auto\">Lopuksi tiivist\u00e4n osallistumiseni konferensseihin kahdella sananlaskulla:<\/span><span data-ccp-props=\"{}\">&nbsp;<\/span><\/p>\n<p><b><span data-contrast=\"auto\">&quot;Joka kotona pysyy, pysyy tyhm\u00e4n\u00e4 \u2013 viisaus l\u00f6ytyy tielt\u00e4.&quot;<\/span><\/b>&nbsp;<br><b><span data-contrast=\"auto\">&quot;Maailma on laaja, eik\u00e4 kunnia tule ovesta sis\u00e4\u00e4n.&quot;<\/span><\/b><span data-ccp-props=\"{}\">&nbsp;<\/span><\/p>\n<p><span data-contrast=\"auto\">Olen syv\u00e4sti kiitollinen mahdollisuudesta puhua GGI-verkostossa. <\/span><b><span data-contrast=\"auto\">T\u00e4n\u00e4 vuonna minut nimitettiin GGI:n verotusryhm\u00e4n Euroopan alueellisiseksi varapuheenjohtajaksi.<\/span><\/b><span data-contrast=\"auto\"> \u2013 se on suuri vastuu ja viel\u00e4 suurempi kunnia.<\/span><span data-ccp-props=\"{}\">&nbsp;<\/span><\/p>\n<p><span data-contrast=\"auto\">N\u00e4hd\u00e4\u00e4n tien p\u00e4\u00e4ll\u00e4,<\/span>&nbsp;<br><b><span data-contrast=\"auto\">Susi<\/span><\/b><span data-ccp-props=\"{}\">&nbsp;<\/span><\/p>\n<div class=\"row\"  id=\"row-616206150\">\n\n\n\t<div id=\"col-2075505776\" class=\"col small-12 large-12\"  >\n\t\t\t\t<div class=\"col-inner\"  >\n\t\t\t\n\t\t\t\n\n<div class=\"message-box relative dark\" style=\"padding-top:15px;padding-bottom:15px;\"><div class=\"message-box-bg-image bg-fill fill\" ><\/div><div class=\"message-box-bg-overlay bg-fill fill\" style=\"background-color:rgb(27, 26, 70);\"><\/div><div class=\"container relative\"><div class=\"inner last-reset\">\n\n<div class=\"row\"  id=\"row-95250000\">\n\n\n\t<div id=\"col-1669830264\" class=\"col medium-8 small-12 large-8\"  >\n\t\t\t\t<div class=\"col-inner\"  >\n\t\t\t\n\t\t\t\n\n<h2>Keskustele talousasiantuntijamme kanssa<\/h2>\n\n\t\t<\/div>\n\t\t\t\t\t<\/div>\n\n\t\n\n\t<div id=\"col-817887497\" class=\"col medium-4 small-12 large-4\"  >\n\t\t\t\t<div class=\"col-inner text-center\"  >\n\t\t\t\n\t\t\t\n\n<a href=\"https:\/\/grow.ee\/fi\/ota-meihin-yhteytta\/\" class=\"button alert\" style=\"border-radius:8px;\">\n\t\t<span>OTA YHTEYTT\u00c4 YHTEIS\u00d6\u00d6N<\/span>\n\t<\/a>\n\n\n\n\t\t<\/div>\n\t\t\t\t\t<\/div>\n\n\t\n\n<\/div>\n\n<\/div><\/div><\/div>\n\n\t\t<\/div>\n\t\t\t\t\t<\/div>\n\n\t\n\n<\/div>\n\n\n  \n    <div class=\"row large-columns-3 medium-columns-1 small-columns-1 slider row-slider slider-nav-reveal slider-nav-push\"  data-flickity-options='{&quot;imagesLoaded&quot;: true, &quot;groupCells&quot;: &quot;100%&quot;, &quot;dragThreshold&quot; : 5, &quot;cellAlign&quot;: &quot;left&quot;,&quot;wrapAround&quot;: true,&quot;prevNextButtons&quot;: true,&quot;percentPosition&quot;: true,&quot;pageDots&quot;: false, &quot;rightToLeft&quot;: false, &quot;autoPlay&quot; : false}' >\n\n  <div class=\"col post-item\" >\n\t\t\t<div class=\"col-inner\">\n\t\t\t\t<div class=\"box box-normal box-text-bottom box-blog-post has-hover\">\n            \t\t\t\t\t<div class=\"box-image\" >\n  \t\t\t\t\t\t<div class=\"image-cover\" style=\"padding-top:56.25%;\">\n\t\t\t\t\t\t\t<a href=\"https:\/\/grow.ee\/fi\/juhi-kaugtood-valismaalt\/\" class=\"plain\" aria-label=\"Hallitse et\u00e4ty\u00f6t\u00e4 ulkomailta \u2013 est\u00e4 pysyv\u00e4n ty\u00f6paikan syntyminen n\u00e4ill\u00e4 vinkeill\u00e4!\">\n\t\t\t\t\t\t\t\t<img loading=\"lazy\" decoding=\"async\" width=\"300\" height=\"164\" src=\"https:\/\/grow.ee\/wp-content\/uploads\/2026\/03\/Kaugtoona-juhtimine-300x164.png\" class=\"attachment-medium size-medium wp-post-image\" alt=\"\" srcset=\"https:\/\/grow.ee\/wp-content\/uploads\/2026\/03\/Kaugtoona-juhtimine-300x164.png 300w, https:\/\/grow.ee\/wp-content\/uploads\/2026\/03\/Kaugtoona-juhtimine-720x393.png 720w, https:\/\/grow.ee\/wp-content\/uploads\/2026\/03\/Kaugtoona-juhtimine-768x419.png 768w, https:\/\/grow.ee\/wp-content\/uploads\/2026\/03\/Kaugtoona-juhtimine-18x10.png 18w, https:\/\/grow.ee\/wp-content\/uploads\/2026\/03\/Kaugtoona-juhtimine.png 1408w\" sizes=\"auto, (max-width: 300px) 100vw, 300px\" \/>\t\t\t\t\t\t\t<\/a>\n  \t\t\t\t\t\t\t  \t\t\t\t\t\t\t  \t\t\t\t\t\t<\/div>\n  \t\t\t\t\t\t  \t\t\t\t\t<\/div>\n          \t\t\t\t\t<div class=\"box-text text-center\" >\n\t\t\t\t\t<div class=\"box-text-inner blog-post-inner\">\n\n\t\t\t\t\t\n\t\t\t\t\t\t\t\t\t\t<h5 class=\"post-title is-large\">\n\t\t\t\t\t\t<a href=\"https:\/\/grow.ee\/fi\/juhi-kaugtood-valismaalt\/\" class=\"plain\">Hallitse et\u00e4ty\u00f6t\u00e4 ulkomailta \u2013 est\u00e4 pysyv\u00e4n ty\u00f6paikan syntyminen n\u00e4ill\u00e4 vinkeill\u00e4!<\/a>\n\t\t\t\t\t<\/h5>\n\t\t\t\t\t<div class=\"post-meta is-small op-8\">27\/03\/2026<\/div>\t\t\t\t\t<div class=\"is-divider\"><\/div>\n\t\t\t\t\t\t\t\t\t\t<p class=\"from_the_blog_excerpt\">\n\t\t\t\t\t\tEt\u00e4ty\u00f6 ulkomaiselle kuljettajalle ei ole vain mukavuutta \u2013 lue, miten ajaa fiksusti ja v\u00e4ltt\u00e4\u00e4 veroriskit.\t\t\t\t\t<\/p>\n\t\t\t\t\t                    \n\t\t\t\t\t\n\t\t\t\t\t\n\t\t\t\t\t<\/div>\n\t\t\t\t\t<\/div>\n\t\t\t\t\t\t\t\t\t<\/div>\n\t\t\t<\/div>\n\t\t<\/div><div class=\"col post-item\" >\n\t\t\t<div class=\"col-inner\">\n\t\t\t\t<div class=\"box box-normal box-text-bottom box-blog-post has-hover\">\n            \t\t\t\t\t<div class=\"box-image\" >\n  \t\t\t\t\t\t<div class=\"image-cover\" style=\"padding-top:56.25%;\">\n\t\t\t\t\t\t\t<a href=\"https:\/\/grow.ee\/fi\/raagi-raamatupidajaga-valdi-lisakulusid\/\" class=\"plain\" aria-label=\"Keskustele kirjanpit\u00e4j\u00e4n kanssa \u2013 v\u00e4lt\u00e4 lis\u00e4kulut\">\n\t\t\t\t\t\t\t\t<img loading=\"lazy\" decoding=\"async\" width=\"300\" height=\"169\" src=\"https:\/\/grow.ee\/wp-content\/uploads\/2026\/02\/Raamatupidaja-Grow-Finance-300x169.jpg\" class=\"attachment-medium size-medium wp-post-image\" alt=\"\" srcset=\"https:\/\/grow.ee\/wp-content\/uploads\/2026\/02\/Raamatupidaja-Grow-Finance-300x169.jpg 300w, https:\/\/grow.ee\/wp-content\/uploads\/2026\/02\/Raamatupidaja-Grow-Finance-720x405.jpg 720w, https:\/\/grow.ee\/wp-content\/uploads\/2026\/02\/Raamatupidaja-Grow-Finance-768x432.jpg 768w, https:\/\/grow.ee\/wp-content\/uploads\/2026\/02\/Raamatupidaja-Grow-Finance-1536x864.jpg 1536w, https:\/\/grow.ee\/wp-content\/uploads\/2026\/02\/Raamatupidaja-Grow-Finance-2048x1152.jpg 2048w, https:\/\/grow.ee\/wp-content\/uploads\/2026\/02\/Raamatupidaja-Grow-Finance-18x10.jpg 18w\" sizes=\"auto, (max-width: 300px) 100vw, 300px\" \/>\t\t\t\t\t\t\t<\/a>\n  \t\t\t\t\t\t\t  \t\t\t\t\t\t\t  \t\t\t\t\t\t<\/div>\n  \t\t\t\t\t\t  \t\t\t\t\t<\/div>\n          \t\t\t\t\t<div class=\"box-text text-center\" >\n\t\t\t\t\t<div class=\"box-text-inner blog-post-inner\">\n\n\t\t\t\t\t\n\t\t\t\t\t\t\t\t\t\t<h5 class=\"post-title is-large\">\n\t\t\t\t\t\t<a href=\"https:\/\/grow.ee\/fi\/raagi-raamatupidajaga-valdi-lisakulusid\/\" class=\"plain\">Keskustele kirjanpit\u00e4j\u00e4n kanssa \u2013 v\u00e4lt\u00e4 lis\u00e4kulut<\/a>\n\t\t\t\t\t<\/h5>\n\t\t\t\t\t<div class=\"post-meta is-small op-8\">27\/02\/2026<\/div>\t\t\t\t\t<div class=\"is-divider\"><\/div>\n\t\t\t\t\t\t\t\t\t\t<p class=\"from_the_blog_excerpt\">\n\t\t\t\t\t\tVarhainen yhteydenotto kirjanpit\u00e4j\u00e4\u00e4n auttaa v\u00e4ltt\u00e4m\u00e4\u00e4n yll\u00e4tyksi\u00e4 ja l\u00f6yt\u00e4m\u00e4\u00e4n parempia ratkaisuja yrityksellesi.\t\t\t\t\t<\/p>\n\t\t\t\t\t                    \n\t\t\t\t\t\n\t\t\t\t\t\n\t\t\t\t\t<\/div>\n\t\t\t\t\t<\/div>\n\t\t\t\t\t\t\t\t\t<\/div>\n\t\t\t<\/div>\n\t\t<\/div><div class=\"col post-item\" >\n\t\t\t<div class=\"col-inner\">\n\t\t\t\t<div class=\"box box-normal box-text-bottom box-blog-post has-hover\">\n            \t\t\t\t\t<div class=\"box-image\" >\n  \t\t\t\t\t\t<div class=\"image-cover\" style=\"padding-top:56.25%;\">\n\t\t\t\t\t\t\t<a href=\"https:\/\/grow.ee\/fi\/kuidas-valtida-topeltmaksustamist\/\" class=\"plain\" aria-label=\"Miten v\u00e4ltt\u00e4\u00e4 kaksinkertainen verotus, jos omistusosuus on alle 10%?\">\n\t\t\t\t\t\t\t\t<img loading=\"lazy\" decoding=\"async\" width=\"300\" height=\"169\" src=\"https:\/\/grow.ee\/wp-content\/uploads\/2026\/02\/Topeltmaksustamine-300x169.jpg\" class=\"attachment-medium size-medium wp-post-image\" alt=\"\" srcset=\"https:\/\/grow.ee\/wp-content\/uploads\/2026\/02\/Topeltmaksustamine-300x169.jpg 300w, https:\/\/grow.ee\/wp-content\/uploads\/2026\/02\/Topeltmaksustamine-720x405.jpg 720w, https:\/\/grow.ee\/wp-content\/uploads\/2026\/02\/Topeltmaksustamine-768x432.jpg 768w, https:\/\/grow.ee\/wp-content\/uploads\/2026\/02\/Topeltmaksustamine-1536x864.jpg 1536w, https:\/\/grow.ee\/wp-content\/uploads\/2026\/02\/Topeltmaksustamine-18x10.jpg 18w, https:\/\/grow.ee\/wp-content\/uploads\/2026\/02\/Topeltmaksustamine.jpg 1920w\" sizes=\"auto, (max-width: 300px) 100vw, 300px\" \/>\t\t\t\t\t\t\t<\/a>\n  \t\t\t\t\t\t\t  \t\t\t\t\t\t\t  \t\t\t\t\t\t<\/div>\n  \t\t\t\t\t\t  \t\t\t\t\t<\/div>\n          \t\t\t\t\t<div class=\"box-text text-center\" >\n\t\t\t\t\t<div class=\"box-text-inner blog-post-inner\">\n\n\t\t\t\t\t\n\t\t\t\t\t\t\t\t\t\t<h5 class=\"post-title is-large\">\n\t\t\t\t\t\t<a href=\"https:\/\/grow.ee\/fi\/kuidas-valtida-topeltmaksustamist\/\" class=\"plain\">Miten v\u00e4ltt\u00e4\u00e4 kaksinkertainen verotus, jos omistusosuus on alle 10%?<\/a>\n\t\t\t\t\t<\/h5>\n\t\t\t\t\t<div class=\"post-meta is-small op-8\">17\/02\/2026<\/div>\t\t\t\t\t<div class=\"is-divider\"><\/div>\n\t\t\t\t\t\t\t\t\t\t<p class=\"from_the_blog_excerpt\">\n\t\t\t\t\t\tAlle 101 prosentin omistusosuudella varustetun virolaisen yhti\u00f6n osingot voivat johtaa kaksinkertaiseen verotukseen.\t\t\t\t\t<\/p>\n\t\t\t\t\t                    \n\t\t\t\t\t\n\t\t\t\t\t\n\t\t\t\t\t<\/div>\n\t\t\t\t\t<\/div>\n\t\t\t\t\t\t\t\t\t<\/div>\n\t\t\t<\/div>\n\t\t<\/div><\/div>\n\n\n\n<p><\/p>","protected":false},"excerpt":{"rendered":"<p>Ulvi Tallon vaikutelmia GGI European -konferenssista Marbellassa: digitalisaatiota, yhteisty\u00f6t\u00e4 ja ajatuksen tuoreutta, joka kest\u00e4\u00e4 pidemp\u00e4\u00e4n kuin mik\u00e4\u00e4n valokuva.<\/p>","protected":false},"author":24,"featured_media":14844,"comment_status":"closed","ping_status":"closed","sticky":false,"template":"","format":"standard","meta":{"footnotes":""},"categories":[82],"tags":[],"class_list":["post-14834","post","type-post","status-publish","format-standard","has-post-thumbnail","hentry","category-ettevotlus"],"_links":{"self":[{"href":"https:\/\/grow.ee\/fi\/wp-json\/wp\/v2\/posts\/14834","targetHints":{"allow":["GET"]}}],"collection":[{"href":"https:\/\/grow.ee\/fi\/wp-json\/wp\/v2\/posts"}],"about":[{"href":"https:\/\/grow.ee\/fi\/wp-json\/wp\/v2\/types\/post"}],"author":[{"embeddable":true,"href":"https:\/\/grow.ee\/fi\/wp-json\/wp\/v2\/users\/24"}],"replies":[{"embeddable":true,"href":"https:\/\/grow.ee\/fi\/wp-json\/wp\/v2\/comments?post=14834"}],"version-history":[{"count":8,"href":"https:\/\/grow.ee\/fi\/wp-json\/wp\/v2\/posts\/14834\/revisions"}],"predecessor-version":[{"id":14847,"href":"https:\/\/grow.ee\/fi\/wp-json\/wp\/v2\/posts\/14834\/revisions\/14847"}],"wp:featuredmedia":[{"embeddable":true,"href":"https:\/\/grow.ee\/fi\/wp-json\/wp\/v2\/media\/14844"}],"wp:attachment":[{"href":"https:\/\/grow.ee\/fi\/wp-json\/wp\/v2\/media?parent=14834"}],"wp:term":[{"taxonomy":"category","embeddable":true,"href":"https:\/\/grow.ee\/fi\/wp-json\/wp\/v2\/categories?post=14834"},{"taxonomy":"post_tag","embeddable":true,"href":"https:\/\/grow.ee\/fi\/wp-json\/wp\/v2\/tags?post=14834"}],"curies":[{"name":"wp","href":"https:\/\/api.w.org\/{rel}","templated":true}]}}